{"id":9645,"date":"2021-12-16T17:49:32","date_gmt":"2021-12-16T17:49:32","guid":{"rendered":"https:\/\/levysalis.com\/?p=9645"},"modified":"2021-12-17T20:42:49","modified_gmt":"2021-12-17T20:42:49","slug":"shlomi-steve-levy-directeur-du-conseil-dadministration-de-la-societe-alzheimer-de-montreal","status":"publish","type":"post","link":"https:\/\/levysalis.com\/fr\/blog\/shlomi-steve-levy-directeur-du-conseil-dadministration-de-la-societe-alzheimer-de-montreal\/","title":{"rendered":"Shlomi Steve Levy \u2013 Conseil d\u2019administration de la F\u00e9d\u00e9ration qu\u00e9b\u00e9coise des Soci\u00e9t\u00e9s Alzheimer."},"content":{"rendered":"<div  class=\"fusion-fullwidth fullwidth-box nonhundred-percent-fullwidth\"  style='background-color: rgba(255,255,255,0);background-position: center center;background-repeat: no-repeat;padding-top:0px;padding-right:0px;padding-bottom:0px;padding-left:0px;'><div class=\"fusion-builder-row fusion-row \"><div  class=\"fusion-layout-column fusion_builder_column fusion_builder_column_1_1  fusion-one-full fusion-column-first fusion-column-last 1_1\"  style='margin-top:0px;margin-bottom:0px;'>\n\t\t\t\t\t<div class=\"fusion-column-wrapper\" style=\"background-position:left top;background-repeat:no-repeat;-webkit-background-size:cover;-moz-background-size:cover;-o-background-size:cover;background-size:cover;\"  data-bg-url=\"\">\n\t\t\t\t\t\t<p><img loading=\"lazy\" decoding=\"async\" class=\"alignnone size-full wp-image-9674\" src=\"https:\/\/levysalis.com\/wp-content\/uploads\/2021\/12\/FR_03_LS-Society_Alzheimer_Shlomi-Levy.jpg\" alt=\"\" width=\"1000\" height=\"1000\" srcset=\"https:\/\/levysalis.com\/wp-content\/uploads\/2021\/12\/FR_03_LS-Society_Alzheimer_Shlomi-Levy-66x66.jpg 66w, https:\/\/levysalis.com\/wp-content\/uploads\/2021\/12\/FR_03_LS-Society_Alzheimer_Shlomi-Levy-70x70.jpg 70w, https:\/\/levysalis.com\/wp-content\/uploads\/2021\/12\/FR_03_LS-Society_Alzheimer_Shlomi-Levy-150x150.jpg 150w, https:\/\/levysalis.com\/wp-content\/uploads\/2021\/12\/FR_03_LS-Society_Alzheimer_Shlomi-Levy-200x200.jpg 200w, https:\/\/levysalis.com\/wp-content\/uploads\/2021\/12\/FR_03_LS-Society_Alzheimer_Shlomi-Levy-300x300.jpg 300w, https:\/\/levysalis.com\/wp-content\/uploads\/2021\/12\/FR_03_LS-Society_Alzheimer_Shlomi-Levy-400x400.jpg 400w, https:\/\/levysalis.com\/wp-content\/uploads\/2021\/12\/FR_03_LS-Society_Alzheimer_Shlomi-Levy-600x600.jpg 600w, https:\/\/levysalis.com\/wp-content\/uploads\/2021\/12\/FR_03_LS-Society_Alzheimer_Shlomi-Levy-768x768.jpg 768w, https:\/\/levysalis.com\/wp-content\/uploads\/2021\/12\/FR_03_LS-Society_Alzheimer_Shlomi-Levy-800x800.jpg 800w, https:\/\/levysalis.com\/wp-content\/uploads\/2021\/12\/FR_03_LS-Society_Alzheimer_Shlomi-Levy.jpg 1000w\" sizes=\"auto, (max-width: 1000px) 100vw, 1000px\" \/><\/p>\n<div class=\"fusion-clearfix\"><\/div>\n\n\t\t\t\t\t<\/div>\n\t\t\t\t<\/div><\/div><\/div><div  class=\"fusion-fullwidth fullwidth-box nonhundred-percent-fullwidth\"  style='background-color: rgba(255,255,255,0);background-position: center center;background-repeat: no-repeat;padding-top:0px;padding-right:0px;padding-bottom:0px;padding-left:0px;'><div class=\"fusion-builder-row fusion-row \"><div  class=\"fusion-layout-column fusion_builder_column fusion_builder_column_1_1  fusion-one-full fusion-column-first fusion-column-last 1_1\"  style='margin-top:0px;margin-bottom:20px;'>\n\t\t\t\t\t<div class=\"fusion-column-wrapper\" style=\"background-position:left top;background-repeat:no-repeat;-webkit-background-size:cover;-moz-background-size:cover;-o-background-size:cover;background-size:cover;\"  data-bg-url=\"\">\n\t\t\t\t\t\t<span class=\"fusion-imageframe imageframe-none imageframe-1 hover-type-none\"><\/span><div class=\"fusion-clearfix\"><\/div>\n\n\t\t\t\t\t<\/div>\n\t\t\t\t<\/div><div  class=\"fusion-layout-column fusion_builder_column fusion_builder_column_1_3  fusion-one-third fusion-column-first 1_3\"  style='margin-top:0px;margin-bottom:20px;width:33.33%;width:calc(33.33% - ( ( 4% ) * 0.3333 ) );margin-right: 4%;'>\n\t\t\t\t\t<div class=\"fusion-column-wrapper\" style=\"background-position:left top;background-repeat:no-repeat;-webkit-background-size:cover;-moz-background-size:cover;-o-background-size:cover;background-size:cover;\"  data-bg-url=\"\">\n\t\t\t\t\t\t<div class=\"fusion-title title fusion-sep-none fusion-title-size-one\" style=\"margin-top:0px;margin-bottom:-2px;\"><h1 class=\"title-heading-left\"><h1 class=\"team\">Shlomi Steve Levy<\/h1><\/h1><\/div><p class=\"p1\">Associ\u00e9, Membre du Barreau du Qu\u00e9bec, Membre de la Barreau de l\u2019Ontario &amp; Membre STEP<\/p>\n<p class=\"small\">B.A., LL.B., J.D., TEP<\/p>\n<div class=\"fusion-sep-clear\"><\/div><div class=\"fusion-separator fusion-full-width-sep sep-none\" style=\"margin-left: auto;margin-right: auto;margin-top:5px;margin-bottom:5px;\"><\/div><div class=\"fusion-button-wrappercenter\"><style type=\"text\/css\" scoped=\"scoped\">.fusion-button.button-1 .fusion-button-text, .fusion-button.button-1 i {color:#ffffff;}.fusion-button.button-1 {border-width:0px;border-color:#ffffff;}.fusion-button.button-1 .fusion-button-icon-divider{border-color:#ffffff;}.fusion-button.button-1:hover .fusion-button-text, .fusion-button.button-1:hover i,.fusion-button.button-1:focus .fusion-button-text, .fusion-button.button-1:focus i,.fusion-button.button-1:active .fusion-button-text, .fusion-button.button-1:active{color:#ffffff;}.fusion-button.button-1:hover, .fusion-button.button-1:focus, .fusion-button.button-1:active{border-width:0px;border-color:#ffffff;}.fusion-button.button-1:hover .fusion-button-icon-divider, .fusion-button.button-1:hover .fusion-button-icon-divider, .fusion-button.button-1:active .fusion-button-icon-divider{border-color:#ffffff;}.fusion-button.button-1{background: #ceaa2d;}.fusion-button.button-1:hover,.button-1:focus,.fusion-button.button-1:active{background: #000000;}.fusion-button.button-1{width:100%;}<\/style><a class=\"fusion-button button-flat fusion-button-round button-large button-custom button-1\" target=\"_self\" href=\"mailto: slevy@levysalis.com \"><i class=\"fa fa-envelope-o button-icon-left\"><\/i><span class=\"fusion-button-text\">Email: slevy@levysalis.com <\/span><\/a><\/div><div class=\"fusion-sep-clear\"><\/div><div class=\"fusion-separator fusion-full-width-sep sep-single sep-solid\" style=\"border-color:#e0dede;border-top-width:1px;margin-left: auto;margin-right: auto;margin-top:25px;margin-bottom:25px;\"><\/div><div class=\"aligncenter\"><div class=\"fusion-social-links\"><div class=\"fusion-social-networks\"><div class=\"fusion-social-networks-wrapper\"><a class=\"fusion-social-network-icon fusion-tooltip fusion-linkedin fusion-icon-linkedin\" style=\"color:#000000;\" aria-label=\"fusion-linkedin\" target=\"_blank\" rel=\"noopener noreferrer\" href=\"https:\/\/www.linkedin.com\/in\/shlomistevelevy\/\" data-placement=\"top\" data-title=\"Linkedin\" data-toggle=\"tooltip\" title=\"Linkedin\"><\/a><a class=\"fusion-social-network-icon fusion-tooltip fusion-mail fusion-icon-mail\" style=\"color:#000000;\" aria-label=\"fusion-mail\" target=\"_self\" rel=\"noopener noreferrer\" href=\"mailto:sl&#101;&#118;y&#064;&#108;&#101;v&#121;&#115;&#097;&#108;&#105;s&#046;&#099;&#111;m&#032;\" data-placement=\"top\" data-title=\"Mail\" data-toggle=\"tooltip\" title=\"Mail\"><\/a><\/div><\/div><\/div><\/div><ul class=\"fusion-checklist fusion-checklist-1 list_clean\" style=\"font-size:13px;line-height:22.1px;\"><\/ul><div class=\"fusion-sep-clear\"><\/div><div class=\"fusion-separator fusion-full-width-sep sep-none\" style=\"margin-left: auto;margin-right: auto;margin-top:5px;margin-bottom:5px;\"><\/div><div class=\"fusion-clearfix\"><\/div>\n\n\t\t\t\t\t<\/div>\n\t\t\t\t<\/div><div  class=\"fusion-layout-column fusion_builder_column fusion_builder_column_2_3  fusion-two-third fusion-column-last 2_3\"  style='margin-top:0px;margin-bottom:20px;width:66.66%;width:calc(66.66% - ( ( 4% ) * 0.6666 ) );'>\n\t\t\t\t\t<div class=\"fusion-column-wrapper\" style=\"background-position:left top;background-repeat:no-repeat;-webkit-background-size:cover;-moz-background-size:cover;-o-background-size:cover;background-size:cover;\"  data-bg-url=\"\">\n\t\t\t\t\t\t<p>Levy Salis SENCRL a le plaisir d\u2019annoncer la nomination de Shlomi Steve Levy au conseil d\u2019administration de la F\u00e9d\u00e9ration qu\u00e9b\u00e9coise des Soci\u00e9t\u00e9s d\u2019Alzheimer. F\u00e9licitations Shlomi!<\/p>\n<div class=\"fusion-button-wrappercenter\"><style type=\"text\/css\" scoped=\"scoped\">.fusion-button.button-2 .fusion-button-text, .fusion-button.button-2 i {color:#ffffff;}.fusion-button.button-2 {border-width:0px;border-color:#ffffff;}.fusion-button.button-2 .fusion-button-icon-divider{border-color:#ffffff;}.fusion-button.button-2:hover .fusion-button-text, .fusion-button.button-2:hover i,.fusion-button.button-2:focus .fusion-button-text, .fusion-button.button-2:focus i,.fusion-button.button-2:active .fusion-button-text, .fusion-button.button-2:active{color:#ffffff;}.fusion-button.button-2:hover, .fusion-button.button-2:focus, .fusion-button.button-2:active{border-width:0px;border-color:#ffffff;}.fusion-button.button-2:hover .fusion-button-icon-divider, .fusion-button.button-2:hover .fusion-button-icon-divider, .fusion-button.button-2:active .fusion-button-icon-divider{border-color:#ffffff;}.fusion-button.button-2{background: #ceaa2d;}.fusion-button.button-2:hover,.button-2:focus,.fusion-button.button-2:active{background: #000000;}.fusion-button.button-2{width:100%;}<\/style><a class=\"fusion-button button-flat fusion-button-round button-large button-custom button-2\" target=\"_blank\" rel=\"noopener noreferrer\" href=\"https:\/\/levysalis.com\/fr\/equipe\/shlomo-levy\/\"><span class=\"fusion-button-text\">En Savoir plus sur Shlomi Steve Levy<\/span><\/a><\/div><div class=\"fusion-sep-clear\"><\/div><div class=\"fusion-separator fusion-full-width-sep sep-none\" style=\"margin-left: auto;margin-right: auto;margin-top:5px;margin-bottom:5px;\"><\/div><div class=\"fusion-button-wrappercenter\"><style type=\"text\/css\" scoped=\"scoped\">.fusion-button.button-3 .fusion-button-text, .fusion-button.button-3 i {color:#ffffff;}.fusion-button.button-3 {border-width:0px;border-color:#ffffff;}.fusion-button.button-3 .fusion-button-icon-divider{border-color:#ffffff;}.fusion-button.button-3:hover .fusion-button-text, .fusion-button.button-3:hover i,.fusion-button.button-3:focus .fusion-button-text, .fusion-button.button-3:focus i,.fusion-button.button-3:active .fusion-button-text, .fusion-button.button-3:active{color:#ffffff;}.fusion-button.button-3:hover, .fusion-button.button-3:focus, .fusion-button.button-3:active{border-width:0px;border-color:#ffffff;}.fusion-button.button-3:hover .fusion-button-icon-divider, .fusion-button.button-3:hover .fusion-button-icon-divider, .fusion-button.button-3:active .fusion-button-icon-divider{border-color:#ffffff;}.fusion-button.button-3{background: #ceaa2d;}.fusion-button.button-3:hover,.button-3:focus,.fusion-button.button-3:active{background: #000000;}.fusion-button.button-3{width:100%;}<\/style><a class=\"fusion-button button-flat fusion-button-round button-large button-custom button-3\" target=\"_blank\" rel=\"noopener noreferrer\" href=\"https:\/\/levysalis.com\/fr\/equipe\/\"><span class=\"fusion-button-text\">En Savoir plus sur l&rsquo;\u00e9quipe Levy Salis<\/span><\/a><\/div><div class=\"fusion-clearfix\"><\/div>\n\n\t\t\t\t\t<\/div>\n\t\t\t\t<\/div><div  class=\"fusion-layout-column fusion_builder_column fusion_builder_column_1_1  fusion-one-full fusion-column-first fusion-column-last 1_1\"  style='margin-top:0px;margin-bottom:0px;'>\n\t\t\t\t\t<div class=\"fusion-column-wrapper\" style=\"background-position:left top;background-repeat:no-repeat;-webkit-background-size:cover;-moz-background-size:cover;-o-background-size:cover;background-size:cover;\"  data-bg-url=\"\">\n\t\t\t\t\t\t<div class=\"fusion-sep-clear\"><\/div><div class=\"fusion-separator fusion-full-width-sep sep-none\" style=\"margin-left: auto;margin-right: auto;margin-top:30px;margin-bottom:30px;\"><\/div><div class=\"fusion-clearfix\"><\/div>\n\n\t\t\t\t\t<\/div>\n\t\t\t\t<\/div><div  class=\"fusion-layout-column fusion_builder_column fusion_builder_column_1_1  fusion-one-full fusion-column-first fusion-column-last fusion-blend-mode 1_1\"  style='margin-top:0px;margin-bottom:0px;'>\n\t\t\t\t\t<div class=\"fusion-column-wrapper\" style=\"background-color:#efefef;padding: 15px 15px 15px 15px;background-position:left top;background-repeat:no-repeat;-webkit-background-size:cover;-moz-background-size:cover;-o-background-size:cover;background-size:cover;\"  data-bg-url=\"\">\n\t\t\t\t\t\t<p><div class=\"aligncenter\"><i class=\"fa fontawesome-icon fa-exclamation-triangle circle-yes\" style=\"border-color:#333333;background-color:#333333;font-size:22px;line-height:44px;height:44px;width:44px;margin-left:0;margin-right:0;color:#ceaa2d;\"><\/i><\/div><div class=\"fusion-sep-clear\"><\/div><div class=\"fusion-separator fusion-full-width-sep sep-none\" style=\"margin-left: auto;margin-right: auto;margin-top:0px;margin-bottom:5px;\"><\/div><\/p>\n<p style=\"text-align: center;\"><em>The comments offered in this article are meant to be general in nature and are not intended to provide legal advice regarding any individual situation. Before taking any action involving your individual situation, you should seek legal advice to ensure it is appropriate for your circumstances. <\/em><\/p>\n<div class=\"fusion-clearfix\"><\/div>\n\n\t\t\t\t\t<\/div>\n\t\t\t\t<\/div><\/div><\/div><div  class=\"fusion-fullwidth fullwidth-box nonhundred-percent-fullwidth\"  style='background-color: rgba(255,255,255,0);background-position: center center;background-repeat: no-repeat;padding-top:0px;padding-right:0px;padding-bottom:0px;padding-left:0px;'><div class=\"fusion-builder-row fusion-row \"><div  class=\"fusion-layout-column fusion_builder_column fusion_builder_column_1_1  fusion-one-full fusion-column-first fusion-column-last 1_1\"  style='margin-top:0px;margin-bottom:20px;'>\n\t\t\t\t\t<div class=\"fusion-column-wrapper\" style=\"background-position:left top;background-repeat:no-repeat;-webkit-background-size:cover;-moz-background-size:cover;-o-background-size:cover;background-size:cover;\"  data-bg-url=\"\">\n\t\t\t\t\t\t<div class=\"fusion-button-wrapperleft\"><style type=\"text\/css\" scoped=\"scoped\">.fusion-button.button-4 .fusion-button-text, .fusion-button.button-4 i {color:#ffffff;}.fusion-button.button-4 {border-width:0px;border-color:#ffffff;}.fusion-button.button-4 .fusion-button-icon-divider{border-color:#ffffff;}.fusion-button.button-4:hover .fusion-button-text, .fusion-button.button-4:hover i,.fusion-button.button-4:focus .fusion-button-text, .fusion-button.button-4:focus i,.fusion-button.button-4:active .fusion-button-text, .fusion-button.button-4:active{color:#ffffff;}.fusion-button.button-4:hover, .fusion-button.button-4:focus, .fusion-button.button-4:active{border-width:0px;border-color:#ffffff;}.fusion-button.button-4:hover .fusion-button-icon-divider, .fusion-button.button-4:hover .fusion-button-icon-divider, .fusion-button.button-4:active .fusion-button-icon-divider{border-color:#ffffff;}.fusion-button.button-4{background: #ceaa2d;}.fusion-button.button-4:hover,.button-4:focus,.fusion-button.button-4:active{background: #000000;}.fusion-button.button-4{width:100%;}<\/style><a class=\"fusion-button button-flat fusion-button-round button-large button-custom button-4 fancybox-inline\" target=\"_self\" href=\"#request_consulatation-fr\"><i class=\"fa fa-file-o button-icon-left\"><\/i><span class=\"fusion-button-text\">Demande de consultation<\/span><\/a><\/div><div class=\"fusion-clearfix\"><\/div>\n\n\t\t\t\t\t<\/div>\n\t\t\t\t<\/div><\/div><\/div>\n","protected":false},"excerpt":{"rendered":"<p>Levy Salis SENCRL a le plaisir d\u2019annoncer la nomination de Shlomi Steve Levy au conseil d\u2019administration de la F\u00e9d\u00e9ration qu\u00e9b\u00e9coise des Soci\u00e9t\u00e9s d\u2019Alzheimer. F\u00e9licitations Shlomi!<\/p>\n","protected":false},"author":2,"featured_media":9674,"comment_status":"closed","ping_status":"closed","sticky":false,"template":"","format":"standard","meta":{"_monsterinsights_skip_tracking":false,"_monsterinsights_sitenote_active":false,"_monsterinsights_sitenote_note":"","_monsterinsights_sitenote_category":0,"footnotes":""},"categories":[40,151],"tags":[163],"class_list":["post-9645","post","type-post","status-publish","format-standard","has-post-thumbnail","hentry","category-dans-les-nouvelles","category-media-fr","tag-dans-les-nouvelles"],"yoast_head":"<!-- This site is optimized with the Yoast SEO plugin v23.0 - https:\/\/yoast.com\/wordpress\/plugins\/seo\/ -->\n<title>Shlomi Steve Levy \u2013 Conseil d\u2019administration de la F\u00e9d\u00e9ration qu\u00e9b\u00e9coise des Soci\u00e9t\u00e9s Alzheimer. &#8211; Levy Salis<\/title>\n<meta name=\"description\" content=\"Levy Salis a le plaisir d\u2019annoncer la nomination de Shlomi Steve Levy au conseil d\u2019administration de la F\u00e9d\u00e9ration qu\u00e9b\u00e9coise des Soci\u00e9t\u00e9s d\u2019Alzheimer.\" \/>\n<meta name=\"robots\" content=\"index, follow, max-snippet:-1, max-image-preview:large, max-video-preview:-1\" \/>\n<link rel=\"canonical\" href=\"https:\/\/levysalis.com\/fr\/blog\/shlomi-steve-levy-directeur-du-conseil-dadministration-de-la-societe-alzheimer-de-montreal\/\" \/>\n<meta property=\"og:locale\" content=\"fr_FR\" \/>\n<meta property=\"og:type\" content=\"article\" \/>\n<meta property=\"og:title\" content=\"Shlomi Steve Levy \u2013 Conseil d\u2019administration de la F\u00e9d\u00e9ration qu\u00e9b\u00e9coise des Soci\u00e9t\u00e9s Alzheimer. &#8211; Levy Salis\" \/>\n<meta property=\"og:description\" content=\"Levy Salis a le plaisir d\u2019annoncer la nomination de Shlomi Steve Levy au conseil d\u2019administration de la F\u00e9d\u00e9ration qu\u00e9b\u00e9coise des Soci\u00e9t\u00e9s d\u2019Alzheimer.\" \/>\n<meta property=\"og:url\" content=\"https:\/\/levysalis.com\/fr\/blog\/shlomi-steve-levy-directeur-du-conseil-dadministration-de-la-societe-alzheimer-de-montreal\/\" \/>\n<meta property=\"og:site_name\" content=\"Levy Salis\" \/>\n<meta property=\"article:publisher\" content=\"https:\/\/www.facebook.com\/LevySalisLLP\/\" \/>\n<meta property=\"article:published_time\" content=\"2021-12-16T17:49:32+00:00\" \/>\n<meta property=\"article:modified_time\" content=\"2021-12-17T20:42:49+00:00\" \/>\n<meta property=\"og:image\" content=\"https:\/\/levysalis.com\/wp-content\/uploads\/2021\/12\/FR_03_LS-Society_Alzheimer_Shlomi-Levy.jpg\" \/>\n\t<meta property=\"og:image:width\" content=\"1000\" \/>\n\t<meta property=\"og:image:height\" content=\"1000\" \/>\n\t<meta property=\"og:image:type\" content=\"image\/jpeg\" \/>\n<meta name=\"author\" content=\"Sergei Titorenko\" \/>\n<meta name=\"twitter:card\" content=\"summary_large_image\" \/>\n<meta name=\"twitter:creator\" content=\"@LevySalisLLP\" \/>\n<meta name=\"twitter:site\" content=\"@LevySalisLLP\" \/>\n<meta name=\"twitter:label1\" content=\"\u00c9crit par\" \/>\n\t<meta name=\"twitter:data1\" content=\"Sergei Titorenko\" \/>\n\t<meta name=\"twitter:label2\" content=\"Dur\u00e9e de lecture estim\u00e9e\" \/>\n\t<meta name=\"twitter:data2\" content=\"4 minutes\" \/>\n<script type=\"application\/ld+json\" class=\"yoast-schema-graph\">{\"@context\":\"https:\/\/schema.org\",\"@graph\":[{\"@type\":\"WebPage\",\"@id\":\"https:\/\/levysalis.com\/fr\/blog\/shlomi-steve-levy-directeur-du-conseil-dadministration-de-la-societe-alzheimer-de-montreal\/\",\"url\":\"https:\/\/levysalis.com\/fr\/blog\/shlomi-steve-levy-directeur-du-conseil-dadministration-de-la-societe-alzheimer-de-montreal\/\",\"name\":\"Shlomi Steve Levy \u2013 Conseil d\u2019administration de la F\u00e9d\u00e9ration qu\u00e9b\u00e9coise des Soci\u00e9t\u00e9s Alzheimer. &#8211; Levy Salis\",\"isPartOf\":{\"@id\":\"https:\/\/levysalis.com\/#website\"},\"primaryImageOfPage\":{\"@id\":\"https:\/\/levysalis.com\/fr\/blog\/shlomi-steve-levy-directeur-du-conseil-dadministration-de-la-societe-alzheimer-de-montreal\/#primaryimage\"},\"image\":{\"@id\":\"https:\/\/levysalis.com\/fr\/blog\/shlomi-steve-levy-directeur-du-conseil-dadministration-de-la-societe-alzheimer-de-montreal\/#primaryimage\"},\"thumbnailUrl\":\"https:\/\/levysalis.com\/wp-content\/uploads\/2021\/12\/FR_03_LS-Society_Alzheimer_Shlomi-Levy.jpg\",\"datePublished\":\"2021-12-16T17:49:32+00:00\",\"dateModified\":\"2021-12-17T20:42:49+00:00\",\"author\":{\"@id\":\"https:\/\/levysalis.com\/#\/schema\/person\/510388a31ac8929aa6203c7beae2d26d\"},\"description\":\"Levy Salis a le plaisir d\u2019annoncer la nomination de Shlomi Steve Levy au conseil d\u2019administration de la F\u00e9d\u00e9ration qu\u00e9b\u00e9coise des Soci\u00e9t\u00e9s d\u2019Alzheimer.\",\"breadcrumb\":{\"@id\":\"https:\/\/levysalis.com\/fr\/blog\/shlomi-steve-levy-directeur-du-conseil-dadministration-de-la-societe-alzheimer-de-montreal\/#breadcrumb\"},\"inLanguage\":\"fr-FR\",\"potentialAction\":[{\"@type\":\"ReadAction\",\"target\":[\"https:\/\/levysalis.com\/fr\/blog\/shlomi-steve-levy-directeur-du-conseil-dadministration-de-la-societe-alzheimer-de-montreal\/\"]}]},{\"@type\":\"ImageObject\",\"inLanguage\":\"fr-FR\",\"@id\":\"https:\/\/levysalis.com\/fr\/blog\/shlomi-steve-levy-directeur-du-conseil-dadministration-de-la-societe-alzheimer-de-montreal\/#primaryimage\",\"url\":\"https:\/\/levysalis.com\/wp-content\/uploads\/2021\/12\/FR_03_LS-Society_Alzheimer_Shlomi-Levy.jpg\",\"contentUrl\":\"https:\/\/levysalis.com\/wp-content\/uploads\/2021\/12\/FR_03_LS-Society_Alzheimer_Shlomi-Levy.jpg\",\"width\":1000,\"height\":1000},{\"@type\":\"BreadcrumbList\",\"@id\":\"https:\/\/levysalis.com\/fr\/blog\/shlomi-steve-levy-directeur-du-conseil-dadministration-de-la-societe-alzheimer-de-montreal\/#breadcrumb\",\"itemListElement\":[{\"@type\":\"ListItem\",\"position\":1,\"name\":\"Home\",\"item\":\"https:\/\/levysalis.com\/fr\/\"},{\"@type\":\"ListItem\",\"position\":2,\"name\":\"Shlomi Steve Levy \u2013 Conseil d\u2019administration de la F\u00e9d\u00e9ration qu\u00e9b\u00e9coise des Soci\u00e9t\u00e9s Alzheimer.\"}]},{\"@type\":\"WebSite\",\"@id\":\"https:\/\/levysalis.com\/#website\",\"url\":\"https:\/\/levysalis.com\/\",\"name\":\"Levy Salis\",\"description\":\"Avocats &amp; Notaires | Attorneys &amp; Notaries\",\"potentialAction\":[{\"@type\":\"SearchAction\",\"target\":{\"@type\":\"EntryPoint\",\"urlTemplate\":\"https:\/\/levysalis.com\/?s={search_term_string}\"},\"query-input\":\"required name=search_term_string\"}],\"inLanguage\":\"fr-FR\"},{\"@type\":\"Person\",\"@id\":\"https:\/\/levysalis.com\/#\/schema\/person\/510388a31ac8929aa6203c7beae2d26d\",\"name\":\"Sergei Titorenko\",\"image\":{\"@type\":\"ImageObject\",\"inLanguage\":\"fr-FR\",\"@id\":\"https:\/\/levysalis.com\/#\/schema\/person\/image\/\",\"url\":\"https:\/\/levysalis.com\/wp-content\/uploads\/2017\/11\/Sergei-Titorenko-1.jpg\",\"contentUrl\":\"https:\/\/levysalis.com\/wp-content\/uploads\/2017\/11\/Sergei-Titorenko-1.jpg\",\"caption\":\"Sergei Titorenko\"},\"description\":\"Sergei Titorenko is an Associate at Levy Salis LLP and a member of the Quebec Bar. He devotes his practice to US and Canadian tax and estate planning, Canadians doing business in the United States, Americans living in Canada, US real estate transactions for Canadians, and cryptocurrency transactions.\",\"sameAs\":[\"https:\/\/levysalis.com\/team\/sergei-titorenko\/\"],\"url\":\"https:\/\/levysalis.com\/fr\/blog\/author\/stitorenko\/\"}]}<\/script>\n<!-- \/ Yoast SEO plugin. -->","yoast_head_json":{"title":"Shlomi Steve Levy \u2013 Conseil d\u2019administration de la F\u00e9d\u00e9ration qu\u00e9b\u00e9coise des Soci\u00e9t\u00e9s Alzheimer. &#8211; Levy Salis","description":"Levy Salis a le plaisir d\u2019annoncer la nomination de Shlomi Steve Levy au conseil d\u2019administration de la F\u00e9d\u00e9ration qu\u00e9b\u00e9coise des Soci\u00e9t\u00e9s d\u2019Alzheimer.","robots":{"index":"index","follow":"follow","max-snippet":"max-snippet:-1","max-image-preview":"max-image-preview:large","max-video-preview":"max-video-preview:-1"},"canonical":"https:\/\/levysalis.com\/fr\/blog\/shlomi-steve-levy-directeur-du-conseil-dadministration-de-la-societe-alzheimer-de-montreal\/","og_locale":"fr_FR","og_type":"article","og_title":"Shlomi Steve Levy \u2013 Conseil d\u2019administration de la F\u00e9d\u00e9ration qu\u00e9b\u00e9coise des Soci\u00e9t\u00e9s Alzheimer. &#8211; Levy Salis","og_description":"Levy Salis a le plaisir d\u2019annoncer la nomination de Shlomi Steve Levy au conseil d\u2019administration de la F\u00e9d\u00e9ration qu\u00e9b\u00e9coise des Soci\u00e9t\u00e9s d\u2019Alzheimer.","og_url":"https:\/\/levysalis.com\/fr\/blog\/shlomi-steve-levy-directeur-du-conseil-dadministration-de-la-societe-alzheimer-de-montreal\/","og_site_name":"Levy Salis","article_publisher":"https:\/\/www.facebook.com\/LevySalisLLP\/","article_published_time":"2021-12-16T17:49:32+00:00","article_modified_time":"2021-12-17T20:42:49+00:00","og_image":[{"width":1000,"height":1000,"url":"https:\/\/levysalis.com\/wp-content\/uploads\/2021\/12\/FR_03_LS-Society_Alzheimer_Shlomi-Levy.jpg","type":"image\/jpeg"}],"author":"Sergei Titorenko","twitter_card":"summary_large_image","twitter_creator":"@LevySalisLLP","twitter_site":"@LevySalisLLP","twitter_misc":{"\u00c9crit par":"Sergei Titorenko","Dur\u00e9e de lecture estim\u00e9e":"4 minutes"},"schema":{"@context":"https:\/\/schema.org","@graph":[{"@type":"WebPage","@id":"https:\/\/levysalis.com\/fr\/blog\/shlomi-steve-levy-directeur-du-conseil-dadministration-de-la-societe-alzheimer-de-montreal\/","url":"https:\/\/levysalis.com\/fr\/blog\/shlomi-steve-levy-directeur-du-conseil-dadministration-de-la-societe-alzheimer-de-montreal\/","name":"Shlomi Steve Levy \u2013 Conseil d\u2019administration de la F\u00e9d\u00e9ration qu\u00e9b\u00e9coise des Soci\u00e9t\u00e9s Alzheimer. &#8211; Levy Salis","isPartOf":{"@id":"https:\/\/levysalis.com\/#website"},"primaryImageOfPage":{"@id":"https:\/\/levysalis.com\/fr\/blog\/shlomi-steve-levy-directeur-du-conseil-dadministration-de-la-societe-alzheimer-de-montreal\/#primaryimage"},"image":{"@id":"https:\/\/levysalis.com\/fr\/blog\/shlomi-steve-levy-directeur-du-conseil-dadministration-de-la-societe-alzheimer-de-montreal\/#primaryimage"},"thumbnailUrl":"https:\/\/levysalis.com\/wp-content\/uploads\/2021\/12\/FR_03_LS-Society_Alzheimer_Shlomi-Levy.jpg","datePublished":"2021-12-16T17:49:32+00:00","dateModified":"2021-12-17T20:42:49+00:00","author":{"@id":"https:\/\/levysalis.com\/#\/schema\/person\/510388a31ac8929aa6203c7beae2d26d"},"description":"Levy Salis a le plaisir d\u2019annoncer la nomination de Shlomi Steve Levy au conseil d\u2019administration de la F\u00e9d\u00e9ration qu\u00e9b\u00e9coise des Soci\u00e9t\u00e9s d\u2019Alzheimer.","breadcrumb":{"@id":"https:\/\/levysalis.com\/fr\/blog\/shlomi-steve-levy-directeur-du-conseil-dadministration-de-la-societe-alzheimer-de-montreal\/#breadcrumb"},"inLanguage":"fr-FR","potentialAction":[{"@type":"ReadAction","target":["https:\/\/levysalis.com\/fr\/blog\/shlomi-steve-levy-directeur-du-conseil-dadministration-de-la-societe-alzheimer-de-montreal\/"]}]},{"@type":"ImageObject","inLanguage":"fr-FR","@id":"https:\/\/levysalis.com\/fr\/blog\/shlomi-steve-levy-directeur-du-conseil-dadministration-de-la-societe-alzheimer-de-montreal\/#primaryimage","url":"https:\/\/levysalis.com\/wp-content\/uploads\/2021\/12\/FR_03_LS-Society_Alzheimer_Shlomi-Levy.jpg","contentUrl":"https:\/\/levysalis.com\/wp-content\/uploads\/2021\/12\/FR_03_LS-Society_Alzheimer_Shlomi-Levy.jpg","width":1000,"height":1000},{"@type":"BreadcrumbList","@id":"https:\/\/levysalis.com\/fr\/blog\/shlomi-steve-levy-directeur-du-conseil-dadministration-de-la-societe-alzheimer-de-montreal\/#breadcrumb","itemListElement":[{"@type":"ListItem","position":1,"name":"Home","item":"https:\/\/levysalis.com\/fr\/"},{"@type":"ListItem","position":2,"name":"Shlomi Steve Levy \u2013 Conseil d\u2019administration de la F\u00e9d\u00e9ration qu\u00e9b\u00e9coise des Soci\u00e9t\u00e9s Alzheimer."}]},{"@type":"WebSite","@id":"https:\/\/levysalis.com\/#website","url":"https:\/\/levysalis.com\/","name":"Levy Salis","description":"Avocats &amp; Notaires | Attorneys &amp; Notaries","potentialAction":[{"@type":"SearchAction","target":{"@type":"EntryPoint","urlTemplate":"https:\/\/levysalis.com\/?s={search_term_string}"},"query-input":"required name=search_term_string"}],"inLanguage":"fr-FR"},{"@type":"Person","@id":"https:\/\/levysalis.com\/#\/schema\/person\/510388a31ac8929aa6203c7beae2d26d","name":"Sergei Titorenko","image":{"@type":"ImageObject","inLanguage":"fr-FR","@id":"https:\/\/levysalis.com\/#\/schema\/person\/image\/","url":"https:\/\/levysalis.com\/wp-content\/uploads\/2017\/11\/Sergei-Titorenko-1.jpg","contentUrl":"https:\/\/levysalis.com\/wp-content\/uploads\/2017\/11\/Sergei-Titorenko-1.jpg","caption":"Sergei Titorenko"},"description":"Sergei Titorenko is an Associate at Levy Salis LLP and a member of the Quebec Bar. He devotes his practice to US and Canadian tax and estate planning, Canadians doing business in the United States, Americans living in Canada, US real estate transactions for Canadians, and cryptocurrency transactions.","sameAs":["https:\/\/levysalis.com\/team\/sergei-titorenko\/"],"url":"https:\/\/levysalis.com\/fr\/blog\/author\/stitorenko\/"}]}},"_links":{"self":[{"href":"https:\/\/levysalis.com\/fr\/wp-json\/wp\/v2\/posts\/9645","targetHints":{"allow":["GET"]}}],"collection":[{"href":"https:\/\/levysalis.com\/fr\/wp-json\/wp\/v2\/posts"}],"about":[{"href":"https:\/\/levysalis.com\/fr\/wp-json\/wp\/v2\/types\/post"}],"author":[{"embeddable":true,"href":"https:\/\/levysalis.com\/fr\/wp-json\/wp\/v2\/users\/2"}],"replies":[{"embeddable":true,"href":"https:\/\/levysalis.com\/fr\/wp-json\/wp\/v2\/comments?post=9645"}],"version-history":[{"count":0,"href":"https:\/\/levysalis.com\/fr\/wp-json\/wp\/v2\/posts\/9645\/revisions"}],"wp:featuredmedia":[{"embeddable":true,"href":"https:\/\/levysalis.com\/fr\/wp-json\/wp\/v2\/media\/9674"}],"wp:attachment":[{"href":"https:\/\/levysalis.com\/fr\/wp-json\/wp\/v2\/media?parent=9645"}],"wp:term":[{"taxonomy":"category","embeddable":true,"href":"https:\/\/levysalis.com\/fr\/wp-json\/wp\/v2\/categories?post=9645"},{"taxonomy":"post_tag","embeddable":true,"href":"https:\/\/levysalis.com\/fr\/wp-json\/wp\/v2\/tags?post=9645"}],"curies":[{"name":"wp","href":"https:\/\/api.w.org\/{rel}","templated":true}]}}