{"id":9280,"date":"2021-11-11T21:04:17","date_gmt":"2021-11-11T21:04:17","guid":{"rendered":"https:\/\/levysalis.com\/blog\/jour-du-souvenir-11-novembre\/"},"modified":"2021-11-11T21:20:30","modified_gmt":"2021-11-11T21:20:30","slug":"jour-du-souvenir-11-novembre","status":"publish","type":"post","link":"https:\/\/levysalis.com\/fr\/blog\/jour-du-souvenir-11-novembre\/","title":{"rendered":"Jour du Souvenir &#8211; 11 novembre"},"content":{"rendered":"<div  class=\"fusion-fullwidth fullwidth-box nonhundred-percent-fullwidth\"  style='background-color: rgba(255,255,255,0);background-position: center center;background-repeat: no-repeat;padding-top:0px;padding-right:0px;padding-bottom:0px;padding-left:0px;'><div class=\"fusion-builder-row fusion-row \"><div  class=\"fusion-layout-column fusion_builder_column fusion_builder_column_1_1  fusion-one-full fusion-column-first fusion-column-last 1_1\"  style='margin-top:0px;margin-bottom:0px;'>\n\t\t\t\t\t<div class=\"fusion-column-wrapper\" style=\"background-position:left top;background-repeat:no-repeat;-webkit-background-size:cover;-moz-background-size:cover;-o-background-size:cover;background-size:cover;\"  data-bg-url=\"\">\n\t\t\t\t\t\t<h2><\/h2>\n<h3><img loading=\"lazy\" decoding=\"async\" class=\"alignnone size-full wp-image-9275\" src=\"https:\/\/levysalis.com\/wp-content\/uploads\/2021\/11\/FR_Twitter_Remembrance-Day_2021.jpg\" alt=\"\" width=\"1024\" height=\"512\" srcset=\"https:\/\/levysalis.com\/wp-content\/uploads\/2021\/11\/FR_Twitter_Remembrance-Day_2021-200x100.jpg 200w, https:\/\/levysalis.com\/wp-content\/uploads\/2021\/11\/FR_Twitter_Remembrance-Day_2021-300x150.jpg 300w, https:\/\/levysalis.com\/wp-content\/uploads\/2021\/11\/FR_Twitter_Remembrance-Day_2021-400x200.jpg 400w, https:\/\/levysalis.com\/wp-content\/uploads\/2021\/11\/FR_Twitter_Remembrance-Day_2021-600x300.jpg 600w, https:\/\/levysalis.com\/wp-content\/uploads\/2021\/11\/FR_Twitter_Remembrance-Day_2021-768x384.jpg 768w, https:\/\/levysalis.com\/wp-content\/uploads\/2021\/11\/FR_Twitter_Remembrance-Day_2021-800x400.jpg 800w, https:\/\/levysalis.com\/wp-content\/uploads\/2021\/11\/FR_Twitter_Remembrance-Day_2021.jpg 1024w\" sizes=\"auto, (max-width: 1024px) 100vw, 1024px\" \/><\/h3>\n<blockquote>\n<h3><\/h3>\n<h3>\u00ab Ils ne vieilliront pas comme nous, qui leur avons surv\u00e9cu;<br \/>\nIls ne conna\u00eetront jamais l\u2019outrage ni le poids des ann\u00e9es.<br \/>\nQuand viendra l\u2019heure du cr\u00e9puscule et celle de l\u2019aurore<br \/>\nNous nous souviendrons d\u2019eux. \u00bb<\/h3>\n<h3>\u2014 Laurence Binyon<\/h3>\n<\/blockquote>\n<div class=\"fusion-clearfix\"><\/div>\n\n\t\t\t\t\t<\/div>\n\t\t\t\t<\/div><\/div><\/div><div  class=\"fusion-fullwidth fullwidth-box nonhundred-percent-fullwidth\"  style='background-color: rgba(255,255,255,0);background-position: center center;background-repeat: no-repeat;padding-top:0px;padding-right:0px;padding-bottom:0px;padding-left:0px;'><div class=\"fusion-builder-row fusion-row \"><div  class=\"fusion-layout-column fusion_builder_column fusion_builder_column_1_1  fusion-one-full fusion-column-first fusion-column-last 1_1\"  style='margin-top:0px;margin-bottom:20px;'>\n\t\t\t\t\t<div class=\"fusion-column-wrapper\" style=\"background-position:left top;background-repeat:no-repeat;-webkit-background-size:cover;-moz-background-size:cover;-o-background-size:cover;background-size:cover;\"  data-bg-url=\"\">\n\t\t\t\t\t\t<div class=\"fusion-clearfix\"><\/div>\n\n\t\t\t\t\t<\/div>\n\t\t\t\t<\/div><div  class=\"fusion-layout-column fusion_builder_column fusion_builder_column_1_1  fusion-one-full fusion-column-first fusion-column-last fusion-blend-mode 1_1\"  style='margin-top:0px;margin-bottom:0px;'>\n\t\t\t\t\t<div class=\"fusion-column-wrapper\" style=\"background-color:#efefef;padding: 15px 15px 15px 15px;background-position:left top;background-repeat:no-repeat;-webkit-background-size:cover;-moz-background-size:cover;-o-background-size:cover;background-size:cover;\"  data-bg-url=\"\">\n\t\t\t\t\t\t<p><div class=\"aligncenter\"><i class=\"fa fontawesome-icon fa-exclamation-triangle circle-yes\" style=\"border-color:#333333;background-color:#333333;font-size:22px;line-height:44px;height:44px;width:44px;margin-left:0;margin-right:0;color:#ceaa2d;\"><\/i><\/div>\n<div class=\"fusion-sep-clear\"><\/div><div class=\"fusion-separator fusion-full-width-sep sep-none\" style=\"margin-left: auto;margin-right: auto;margin-top:0px;margin-bottom:5px;\"><\/div><\/p>\n<p style=\"text-align: center;\"><em>The comments offered in this article are meant to be general in nature and are not intended to provide legal advice regarding any individual situation. Before taking any action involving your individual situation, you should seek legal advice to ensure it is appropriate for your circumstances. <\/em><\/p>\n<div class=\"fusion-button-wrapperleft\"><style type=\"text\/css\" scoped=\"scoped\">.fusion-button.button-1 .fusion-button-text, .fusion-button.button-1 i {color:#ffffff;}.fusion-button.button-1 {border-width:0px;border-color:#ffffff;}.fusion-button.button-1 .fusion-button-icon-divider{border-color:#ffffff;}.fusion-button.button-1:hover .fusion-button-text, .fusion-button.button-1:hover i,.fusion-button.button-1:focus .fusion-button-text, .fusion-button.button-1:focus i,.fusion-button.button-1:active .fusion-button-text, .fusion-button.button-1:active{color:#ffffff;}.fusion-button.button-1:hover, .fusion-button.button-1:focus, .fusion-button.button-1:active{border-width:0px;border-color:#ffffff;}.fusion-button.button-1:hover .fusion-button-icon-divider, .fusion-button.button-1:hover .fusion-button-icon-divider, .fusion-button.button-1:active .fusion-button-icon-divider{border-color:#ffffff;}.fusion-button.button-1{background: #ceaa2d;}.fusion-button.button-1:hover,.button-1:focus,.fusion-button.button-1:active{background: #000000;}.fusion-button.button-1{width:100%;}<\/style><a class=\"fusion-button button-flat fusion-button-round button-large button-custom button-1 fancybox-inline\" target=\"_self\" href=\"#request_consulatation-fr\"><i class=\"fa fa-file-o button-icon-left\"><\/i><span class=\"fusion-button-text\">Demande de consultation<\/span><\/a><\/div><div class=\"fusion-clearfix\"><\/div>\n\n\t\t\t\t\t<\/div>\n\t\t\t\t<\/div><\/div><\/div>\n","protected":false},"excerpt":{"rendered":"<p>\u00ab Ils ne vieilliront pas comme nous, qui leur avons surv\u00e9cu;<br \/>\nIls ne conna\u00eetront jamais l\u2019outrage  ni le poids des ann\u00e9es.<br \/>\nQuand viendra l\u2019heure du cr\u00e9puscule et celle de l\u2019aurore<br \/>\nNous nous souviendrons d\u2019eux. \u00bb<\/p>\n<p>\u2014 Laurence Binyon<\/p>\n","protected":false},"author":2,"featured_media":9273,"comment_status":"closed","ping_status":"open","sticky":false,"template":"","format":"standard","meta":{"_monsterinsights_skip_tracking":false,"_monsterinsights_sitenote_active":false,"_monsterinsights_sitenote_note":"","_monsterinsights_sitenote_category":0,"footnotes":""},"categories":[199],"tags":[],"class_list":["post-9280","post","type-post","status-publish","format-standard","has-post-thumbnail","hentry","category-statutory-fr"],"yoast_head":"<!-- This site is optimized with the Yoast SEO plugin v23.0 - https:\/\/yoast.com\/wordpress\/plugins\/seo\/ -->\n<title>Jour du Souvenir - 11 novembre &#8211; Levy Salis<\/title>\n<meta name=\"description\" content=\"\u00ab Ils ne vieilliront pas comme nous, qui leur avons surv\u00e9cu; Ils ne conna\u00eetront jamais l\u2019outrage ni le poids des ann\u00e9es. Quand viendra l\u2019heure du cr\u00e9puscule et celle de l\u2019aurore Nous nous souviendrons d\u2019eux. \u00bb \u2014 Laurence Binyon\" \/>\n<meta name=\"robots\" content=\"index, follow, max-snippet:-1, max-image-preview:large, max-video-preview:-1\" \/>\n<link rel=\"canonical\" href=\"https:\/\/levysalis.com\/fr\/blog\/jour-du-souvenir-11-novembre\/\" \/>\n<meta property=\"og:locale\" content=\"fr_FR\" \/>\n<meta property=\"og:type\" content=\"article\" \/>\n<meta property=\"og:title\" content=\"Jour du Souvenir - 11 novembre &#8211; Levy Salis\" \/>\n<meta property=\"og:description\" content=\"\u00ab Ils ne vieilliront pas comme nous, qui leur avons surv\u00e9cu; Ils ne conna\u00eetront jamais l\u2019outrage ni le poids des ann\u00e9es. Quand viendra l\u2019heure du cr\u00e9puscule et celle de l\u2019aurore Nous nous souviendrons d\u2019eux. \u00bb \u2014 Laurence Binyon\" \/>\n<meta property=\"og:url\" content=\"https:\/\/levysalis.com\/fr\/blog\/jour-du-souvenir-11-novembre\/\" \/>\n<meta property=\"og:site_name\" content=\"Levy Salis\" \/>\n<meta property=\"article:publisher\" content=\"https:\/\/www.facebook.com\/LevySalisLLP\/\" \/>\n<meta property=\"article:published_time\" content=\"2021-11-11T21:04:17+00:00\" \/>\n<meta property=\"article:modified_time\" content=\"2021-11-11T21:20:30+00:00\" \/>\n<meta property=\"og:image\" content=\"https:\/\/levysalis.com\/wp-content\/uploads\/2021\/11\/Remembrance-Day_2021_01.jpg\" \/>\n\t<meta property=\"og:image:width\" content=\"1000\" \/>\n\t<meta property=\"og:image:height\" content=\"1000\" \/>\n\t<meta property=\"og:image:type\" content=\"image\/jpeg\" \/>\n<meta name=\"author\" content=\"Sergei Titorenko\" \/>\n<meta name=\"twitter:card\" content=\"summary_large_image\" \/>\n<meta name=\"twitter:image\" content=\"https:\/\/levysalis.com\/wp-content\/uploads\/2021\/11\/FR_Twitter_Remembrance-Day_2021.jpg\" \/>\n<meta name=\"twitter:creator\" content=\"@LevySalisLLP\" \/>\n<meta name=\"twitter:site\" content=\"@LevySalisLLP\" \/>\n<meta name=\"twitter:label1\" content=\"\u00c9crit par\" \/>\n\t<meta name=\"twitter:data1\" content=\"Sergei Titorenko\" \/>\n\t<meta name=\"twitter:label2\" content=\"Dur\u00e9e de lecture estim\u00e9e\" \/>\n\t<meta name=\"twitter:data2\" content=\"2 minutes\" \/>\n<script type=\"application\/ld+json\" class=\"yoast-schema-graph\">{\"@context\":\"https:\/\/schema.org\",\"@graph\":[{\"@type\":\"WebPage\",\"@id\":\"https:\/\/levysalis.com\/fr\/blog\/jour-du-souvenir-11-novembre\/\",\"url\":\"https:\/\/levysalis.com\/fr\/blog\/jour-du-souvenir-11-novembre\/\",\"name\":\"Jour du Souvenir - 11 novembre &#8211; Levy Salis\",\"isPartOf\":{\"@id\":\"https:\/\/levysalis.com\/#website\"},\"primaryImageOfPage\":{\"@id\":\"https:\/\/levysalis.com\/fr\/blog\/jour-du-souvenir-11-novembre\/#primaryimage\"},\"image\":{\"@id\":\"https:\/\/levysalis.com\/fr\/blog\/jour-du-souvenir-11-novembre\/#primaryimage\"},\"thumbnailUrl\":\"https:\/\/levysalis.com\/wp-content\/uploads\/2021\/11\/Remembrance-Day_2021_01.jpg\",\"datePublished\":\"2021-11-11T21:04:17+00:00\",\"dateModified\":\"2021-11-11T21:20:30+00:00\",\"author\":{\"@id\":\"https:\/\/levysalis.com\/#\/schema\/person\/510388a31ac8929aa6203c7beae2d26d\"},\"description\":\"\u00ab Ils ne vieilliront pas comme nous, qui leur avons surv\u00e9cu; Ils ne conna\u00eetront jamais l\u2019outrage ni le poids des ann\u00e9es. Quand viendra l\u2019heure du cr\u00e9puscule et celle de l\u2019aurore Nous nous souviendrons d\u2019eux. \u00bb \u2014 Laurence Binyon\",\"breadcrumb\":{\"@id\":\"https:\/\/levysalis.com\/fr\/blog\/jour-du-souvenir-11-novembre\/#breadcrumb\"},\"inLanguage\":\"fr-FR\",\"potentialAction\":[{\"@type\":\"ReadAction\",\"target\":[\"https:\/\/levysalis.com\/fr\/blog\/jour-du-souvenir-11-novembre\/\"]}]},{\"@type\":\"ImageObject\",\"inLanguage\":\"fr-FR\",\"@id\":\"https:\/\/levysalis.com\/fr\/blog\/jour-du-souvenir-11-novembre\/#primaryimage\",\"url\":\"https:\/\/levysalis.com\/wp-content\/uploads\/2021\/11\/Remembrance-Day_2021_01.jpg\",\"contentUrl\":\"https:\/\/levysalis.com\/wp-content\/uploads\/2021\/11\/Remembrance-Day_2021_01.jpg\",\"width\":1000,\"height\":1000},{\"@type\":\"BreadcrumbList\",\"@id\":\"https:\/\/levysalis.com\/fr\/blog\/jour-du-souvenir-11-novembre\/#breadcrumb\",\"itemListElement\":[{\"@type\":\"ListItem\",\"position\":1,\"name\":\"Home\",\"item\":\"https:\/\/levysalis.com\/fr\/\"},{\"@type\":\"ListItem\",\"position\":2,\"name\":\"Jour du Souvenir &#8211; 11 novembre\"}]},{\"@type\":\"WebSite\",\"@id\":\"https:\/\/levysalis.com\/#website\",\"url\":\"https:\/\/levysalis.com\/\",\"name\":\"Levy Salis\",\"description\":\"Avocats &amp; Notaires | Attorneys &amp; Notaries\",\"potentialAction\":[{\"@type\":\"SearchAction\",\"target\":{\"@type\":\"EntryPoint\",\"urlTemplate\":\"https:\/\/levysalis.com\/?s={search_term_string}\"},\"query-input\":\"required name=search_term_string\"}],\"inLanguage\":\"fr-FR\"},{\"@type\":\"Person\",\"@id\":\"https:\/\/levysalis.com\/#\/schema\/person\/510388a31ac8929aa6203c7beae2d26d\",\"name\":\"Sergei Titorenko\",\"image\":{\"@type\":\"ImageObject\",\"inLanguage\":\"fr-FR\",\"@id\":\"https:\/\/levysalis.com\/#\/schema\/person\/image\/\",\"url\":\"https:\/\/levysalis.com\/wp-content\/uploads\/2017\/11\/Sergei-Titorenko-1.jpg\",\"contentUrl\":\"https:\/\/levysalis.com\/wp-content\/uploads\/2017\/11\/Sergei-Titorenko-1.jpg\",\"caption\":\"Sergei Titorenko\"},\"description\":\"Sergei Titorenko is an Associate at Levy Salis LLP and a member of the Quebec Bar. He devotes his practice to US and Canadian tax and estate planning, Canadians doing business in the United States, Americans living in Canada, US real estate transactions for Canadians, and cryptocurrency transactions.\",\"sameAs\":[\"https:\/\/levysalis.com\/team\/sergei-titorenko\/\"],\"url\":\"https:\/\/levysalis.com\/fr\/blog\/author\/stitorenko\/\"}]}<\/script>\n<!-- \/ Yoast SEO plugin. -->","yoast_head_json":{"title":"Jour du Souvenir - 11 novembre &#8211; Levy Salis","description":"\u00ab Ils ne vieilliront pas comme nous, qui leur avons surv\u00e9cu; Ils ne conna\u00eetront jamais l\u2019outrage ni le poids des ann\u00e9es. Quand viendra l\u2019heure du cr\u00e9puscule et celle de l\u2019aurore Nous nous souviendrons d\u2019eux. \u00bb \u2014 Laurence Binyon","robots":{"index":"index","follow":"follow","max-snippet":"max-snippet:-1","max-image-preview":"max-image-preview:large","max-video-preview":"max-video-preview:-1"},"canonical":"https:\/\/levysalis.com\/fr\/blog\/jour-du-souvenir-11-novembre\/","og_locale":"fr_FR","og_type":"article","og_title":"Jour du Souvenir - 11 novembre &#8211; Levy Salis","og_description":"\u00ab Ils ne vieilliront pas comme nous, qui leur avons surv\u00e9cu; Ils ne conna\u00eetront jamais l\u2019outrage ni le poids des ann\u00e9es. Quand viendra l\u2019heure du cr\u00e9puscule et celle de l\u2019aurore Nous nous souviendrons d\u2019eux. \u00bb \u2014 Laurence Binyon","og_url":"https:\/\/levysalis.com\/fr\/blog\/jour-du-souvenir-11-novembre\/","og_site_name":"Levy Salis","article_publisher":"https:\/\/www.facebook.com\/LevySalisLLP\/","article_published_time":"2021-11-11T21:04:17+00:00","article_modified_time":"2021-11-11T21:20:30+00:00","og_image":[{"width":1000,"height":1000,"url":"https:\/\/levysalis.com\/wp-content\/uploads\/2021\/11\/Remembrance-Day_2021_01.jpg","type":"image\/jpeg"}],"author":"Sergei Titorenko","twitter_card":"summary_large_image","twitter_image":"https:\/\/levysalis.com\/wp-content\/uploads\/2021\/11\/FR_Twitter_Remembrance-Day_2021.jpg","twitter_creator":"@LevySalisLLP","twitter_site":"@LevySalisLLP","twitter_misc":{"\u00c9crit par":"Sergei Titorenko","Dur\u00e9e de lecture estim\u00e9e":"2 minutes"},"schema":{"@context":"https:\/\/schema.org","@graph":[{"@type":"WebPage","@id":"https:\/\/levysalis.com\/fr\/blog\/jour-du-souvenir-11-novembre\/","url":"https:\/\/levysalis.com\/fr\/blog\/jour-du-souvenir-11-novembre\/","name":"Jour du Souvenir - 11 novembre &#8211; Levy Salis","isPartOf":{"@id":"https:\/\/levysalis.com\/#website"},"primaryImageOfPage":{"@id":"https:\/\/levysalis.com\/fr\/blog\/jour-du-souvenir-11-novembre\/#primaryimage"},"image":{"@id":"https:\/\/levysalis.com\/fr\/blog\/jour-du-souvenir-11-novembre\/#primaryimage"},"thumbnailUrl":"https:\/\/levysalis.com\/wp-content\/uploads\/2021\/11\/Remembrance-Day_2021_01.jpg","datePublished":"2021-11-11T21:04:17+00:00","dateModified":"2021-11-11T21:20:30+00:00","author":{"@id":"https:\/\/levysalis.com\/#\/schema\/person\/510388a31ac8929aa6203c7beae2d26d"},"description":"\u00ab Ils ne vieilliront pas comme nous, qui leur avons surv\u00e9cu; Ils ne conna\u00eetront jamais l\u2019outrage ni le poids des ann\u00e9es. Quand viendra l\u2019heure du cr\u00e9puscule et celle de l\u2019aurore Nous nous souviendrons d\u2019eux. \u00bb \u2014 Laurence Binyon","breadcrumb":{"@id":"https:\/\/levysalis.com\/fr\/blog\/jour-du-souvenir-11-novembre\/#breadcrumb"},"inLanguage":"fr-FR","potentialAction":[{"@type":"ReadAction","target":["https:\/\/levysalis.com\/fr\/blog\/jour-du-souvenir-11-novembre\/"]}]},{"@type":"ImageObject","inLanguage":"fr-FR","@id":"https:\/\/levysalis.com\/fr\/blog\/jour-du-souvenir-11-novembre\/#primaryimage","url":"https:\/\/levysalis.com\/wp-content\/uploads\/2021\/11\/Remembrance-Day_2021_01.jpg","contentUrl":"https:\/\/levysalis.com\/wp-content\/uploads\/2021\/11\/Remembrance-Day_2021_01.jpg","width":1000,"height":1000},{"@type":"BreadcrumbList","@id":"https:\/\/levysalis.com\/fr\/blog\/jour-du-souvenir-11-novembre\/#breadcrumb","itemListElement":[{"@type":"ListItem","position":1,"name":"Home","item":"https:\/\/levysalis.com\/fr\/"},{"@type":"ListItem","position":2,"name":"Jour du Souvenir &#8211; 11 novembre"}]},{"@type":"WebSite","@id":"https:\/\/levysalis.com\/#website","url":"https:\/\/levysalis.com\/","name":"Levy Salis","description":"Avocats &amp; Notaires | Attorneys &amp; Notaries","potentialAction":[{"@type":"SearchAction","target":{"@type":"EntryPoint","urlTemplate":"https:\/\/levysalis.com\/?s={search_term_string}"},"query-input":"required name=search_term_string"}],"inLanguage":"fr-FR"},{"@type":"Person","@id":"https:\/\/levysalis.com\/#\/schema\/person\/510388a31ac8929aa6203c7beae2d26d","name":"Sergei Titorenko","image":{"@type":"ImageObject","inLanguage":"fr-FR","@id":"https:\/\/levysalis.com\/#\/schema\/person\/image\/","url":"https:\/\/levysalis.com\/wp-content\/uploads\/2017\/11\/Sergei-Titorenko-1.jpg","contentUrl":"https:\/\/levysalis.com\/wp-content\/uploads\/2017\/11\/Sergei-Titorenko-1.jpg","caption":"Sergei Titorenko"},"description":"Sergei Titorenko is an Associate at Levy Salis LLP and a member of the Quebec Bar. He devotes his practice to US and Canadian tax and estate planning, Canadians doing business in the United States, Americans living in Canada, US real estate transactions for Canadians, and cryptocurrency transactions.","sameAs":["https:\/\/levysalis.com\/team\/sergei-titorenko\/"],"url":"https:\/\/levysalis.com\/fr\/blog\/author\/stitorenko\/"}]}},"_links":{"self":[{"href":"https:\/\/levysalis.com\/fr\/wp-json\/wp\/v2\/posts\/9280","targetHints":{"allow":["GET"]}}],"collection":[{"href":"https:\/\/levysalis.com\/fr\/wp-json\/wp\/v2\/posts"}],"about":[{"href":"https:\/\/levysalis.com\/fr\/wp-json\/wp\/v2\/types\/post"}],"author":[{"embeddable":true,"href":"https:\/\/levysalis.com\/fr\/wp-json\/wp\/v2\/users\/2"}],"replies":[{"embeddable":true,"href":"https:\/\/levysalis.com\/fr\/wp-json\/wp\/v2\/comments?post=9280"}],"version-history":[{"count":0,"href":"https:\/\/levysalis.com\/fr\/wp-json\/wp\/v2\/posts\/9280\/revisions"}],"wp:featuredmedia":[{"embeddable":true,"href":"https:\/\/levysalis.com\/fr\/wp-json\/wp\/v2\/media\/9273"}],"wp:attachment":[{"href":"https:\/\/levysalis.com\/fr\/wp-json\/wp\/v2\/media?parent=9280"}],"wp:term":[{"taxonomy":"category","embeddable":true,"href":"https:\/\/levysalis.com\/fr\/wp-json\/wp\/v2\/categories?post=9280"},{"taxonomy":"post_tag","embeddable":true,"href":"https:\/\/levysalis.com\/fr\/wp-json\/wp\/v2\/tags?post=9280"}],"curies":[{"name":"wp","href":"https:\/\/api.w.org\/{rel}","templated":true}]}}